{"id":14146,"date":"2022-04-19T12:52:38","date_gmt":"2022-04-19T12:52:38","guid":{"rendered":"https:\/\/enkelrum.se\/?p=14146"},"modified":"2022-05-18T08:18:12","modified_gmt":"2022-05-18T08:18:12","slug":"vinterhage-eller-hagestue","status":"publish","type":"post","link":"https:\/\/enkelrum.se\/no\/vinterhage-eller-hagestue\/","title":{"rendered":"Vinterhage eller Hagestue?"},"content":{"rendered":"\t\t<div data-elementor-type=\"wp-post\" data-elementor-id=\"14146\" class=\"elementor elementor-14146\" data-elementor-post-type=\"post\">\n\t\t\t\t\t\t<section class=\"elementor-section elementor-top-section elementor-element elementor-element-726d576f elementor-section-boxed elementor-section-height-default elementor-section-height-default\" data-id=\"726d576f\" data-element_type=\"section\" data-e-type=\"section\" data-settings=\"{&quot;jet_parallax_layout_list&quot;:[{&quot;jet_parallax_layout_image&quot;:{&quot;url&quot;:&quot;&quot;,&quot;id&quot;:&quot;&quot;,&quot;size&quot;:&quot;&quot;},&quot;_id&quot;:&quot;d35efe6&quot;,&quot;jet_parallax_layout_image_tablet&quot;:{&quot;url&quot;:&quot;&quot;,&quot;id&quot;:&quot;&quot;,&quot;size&quot;:&quot;&quot;},&quot;jet_parallax_layout_image_mobile&quot;:{&quot;url&quot;:&quot;&quot;,&quot;id&quot;:&quot;&quot;,&quot;size&quot;:&quot;&quot;},&quot;jet_parallax_layout_speed&quot;:{&quot;unit&quot;:&quot;%&quot;,&quot;size&quot;:50,&quot;sizes&quot;:[]},&quot;jet_parallax_layout_type&quot;:&quot;scroll&quot;,&quot;jet_parallax_layout_direction&quot;:&quot;1&quot;,&quot;jet_parallax_layout_fx_direction&quot;:null,&quot;jet_parallax_layout_z_index&quot;:&quot;&quot;,&quot;jet_parallax_layout_bg_x&quot;:50,&quot;jet_parallax_layout_bg_x_tablet&quot;:&quot;&quot;,&quot;jet_parallax_layout_bg_x_mobile&quot;:&quot;&quot;,&quot;jet_parallax_layout_bg_y&quot;:50,&quot;jet_parallax_layout_bg_y_tablet&quot;:&quot;&quot;,&quot;jet_parallax_layout_bg_y_mobile&quot;:&quot;&quot;,&quot;jet_parallax_layout_bg_size&quot;:&quot;auto&quot;,&quot;jet_parallax_layout_bg_size_tablet&quot;:&quot;&quot;,&quot;jet_parallax_layout_bg_size_mobile&quot;:&quot;&quot;,&quot;jet_parallax_layout_animation_prop&quot;:&quot;transform&quot;,&quot;jet_parallax_layout_on&quot;:[&quot;desktop&quot;,&quot;tablet&quot;]}]}\">\n\t\t\t\t\t\t<div class=\"elementor-container elementor-column-gap-default\">\n\t\t\t\t\t<div class=\"elementor-column elementor-col-100 elementor-top-column elementor-element elementor-element-737024c7\" data-id=\"737024c7\" data-element_type=\"column\" data-e-type=\"column\">\n\t\t\t<div class=\"elementor-widget-wrap elementor-element-populated\">\n\t\t\t\t\t\t<div class=\"elementor-element elementor-element-6f009340 elementor-widget elementor-widget-text-editor\" data-id=\"6f009340\" data-element_type=\"widget\" data-e-type=\"widget\" data-widget_type=\"text-editor.default\">\n\t\t\t\t<div class=\"elementor-widget-container\">\n\t\t\t\t\t\t\t\t\t\n<figure class=\"wp-block-image size-large\"><img fetchpriority=\"high\" decoding=\"async\" width=\"1024\" height=\"457\" src=\"https:\/\/enkelrum.se\/wp-content\/uploads\/2016\/04\/Top2_resize-1-1024x457.jpg\" alt=\"svart attefallshus i funkisstil \" class=\"wp-image-10647\" srcset=\"https:\/\/enkelrum.se\/wp-content\/uploads\/2016\/04\/Top2_resize-1-1024x457.jpg 1024w, https:\/\/enkelrum.se\/wp-content\/uploads\/2016\/04\/Top2_resize-1-300x134.jpg 300w, https:\/\/enkelrum.se\/wp-content\/uploads\/2016\/04\/Top2_resize-1-768x342.jpg 768w, https:\/\/enkelrum.se\/wp-content\/uploads\/2016\/04\/Top2_resize-1.jpg 1200w\" sizes=\"(max-width: 1024px) 100vw, 1024px\" \/><figcaption><\/figcaption><\/figure>\n\t\t\t\t\t\t\t\t<\/div>\n\t\t\t\t<\/div>\n\t\t\t\t<div class=\"elementor-element elementor-element-6a81edf elementor-widget elementor-widget-text-editor\" data-id=\"6a81edf\" data-element_type=\"widget\" data-e-type=\"widget\" data-widget_type=\"text-editor.default\">\n\t\t\t\t<div class=\"elementor-widget-container\">\n\t\t\t\t\t\t\t\t\t<p>Folk kaller gjerne en hagestue for b\u00e5de vinterhage, anneks og utestue.&nbsp; Hos Enkelrum g\u00e5r det ofte for alle 4!<\/p>\n<p>I bunn og grunn er en hagestue noe sesongbasert, gjerne noe man bruker sommerm\u00e5nedene. Den er gjerne uisolert med helt alminnelige vinduer.&nbsp;&nbsp;<span style=\"font-size: 14px; color: var( --e-global-color-text );\">Og vinterhage er en hagestue som man kan benytte hele \u00e5ret. Den er isolert og kan varmes opp innvendig til en behagelig romtemperatur. S\u00e5 sp\u00f8rsm\u00e5let er hva du skal bruke det til?&nbsp;<\/span><\/p>\n<p>V\u00e5re modeller er godt isolerte slik at du kan nyte de hele \u00e5ret. Vi bruker 3-lags vinduer i alle v\u00e5re moduler slik at de er energieffektive og holder p\u00e5 varmen i vinterm\u00e5nedene. Vi kan ogs\u00e5 skreddersy l\u00f8sninger som passer akkurat deg. \u00d8nsker du flere vinduer, s\u00e5 ordner vi det. Gulvvarme? Null problem. Eller kanskje \u00f8nsker du en luft til luft varmepumpe for \u00e5 holde en stabil temperatur hele tiden?<\/p>\n<p>Vi baserer oss p\u00e5 \u00e5 bygge modulene v\u00e5re helt ferdig p\u00e5 fabrikk slik at det er klart til bruk med det samme, i stedet for \u00e5 levere byggsett.&nbsp;&nbsp;<\/p>\n<p>Vi har kort leveringstid p\u00e5 v\u00e5re moduler og kan organisere transport slik at det eneste du trenger \u00e5 tenke p\u00e5 er \u00e5 klargj\u00f8re tomten.&nbsp;<\/p>\n<p>Skal du ha en liten hagestue uten innlagt vann s\u00e5 slipper du vanligvis \u00e5 s\u00f8ke til kommunen ogs\u00e5. Sjekk reguleringsplanen der du bor.&nbsp;<\/p>\n<p>Her kan du f\u00f8lge lenken til v\u00e5re modeller:<\/p>\n<p><\/p>\n<p><a href=\"https:\/\/enkelrum.se\/no\/hus\/anneks-e15\/\" target=\"_blank\" rel=\"noopener\">Hagestue E15<\/a><\/p>\n<p><a href=\"https:\/\/enkelrum.se\/no\/hus\/hagehus-e20\/\">Hagestue E20<\/a><\/p>\n<p>Vi har ogs\u00e5 E10 modul tilgjengelig. Ta kontakt for info!<\/p>\n<p>F\u00f8lg oss p\u00e5 Instagram for mer inspirasjon p\u00e5 <a href=\"https:\/\/www.instagram.com\/enkelrumnorge\/\" target=\"_blank\" rel=\"noopener\">Enkelrum Norg<\/a><\/p>\t\t\t\t\t\t\t\t<\/div>\n\t\t\t\t<\/div>\n\t\t\t\t\t<\/div>\n\t\t<\/div>\n\t\t\t\t\t<\/div>\n\t\t<\/section>\n\t\t\t\t<\/div>\n\t\t","protected":false},"excerpt":{"rendered":"<p>Folk kaller gjerne en hagestue for b\u00e5de vinterhage, anneks og utestue.&nbsp; Hos Enkelrum g\u00e5r det ofte for alle 4! I bunn og grunn er en hagestue noe sesongbasert, gjerne noe man bruker sommerm\u00e5nedene. Den er gjerne uisolert med helt alminnelige vinduer.&nbsp;&nbsp;Og vinterhage er en hagestue som man kan benytte hele \u00e5ret. Den er isolert og [&hellip;]<\/p>\n","protected":false},"author":14,"featured_media":13315,"comment_status":"open","ping_status":"open","sticky":false,"template":"","format":"standard","meta":{"footnotes":""},"categories":[44],"tags":[],"class_list":["post-14146","post","type-post","status-publish","format-standard","has-post-thumbnail","hentry","category-uncategorized-no","entry","has-media"],"_links":{"self":[{"href":"https:\/\/enkelrum.se\/no\/wp-json\/wp\/v2\/posts\/14146","targetHints":{"allow":["GET"]}}],"collection":[{"href":"https:\/\/enkelrum.se\/no\/wp-json\/wp\/v2\/posts"}],"about":[{"href":"https:\/\/enkelrum.se\/no\/wp-json\/wp\/v2\/types\/post"}],"author":[{"embeddable":true,"href":"https:\/\/enkelrum.se\/no\/wp-json\/wp\/v2\/users\/14"}],"replies":[{"embeddable":true,"href":"https:\/\/enkelrum.se\/no\/wp-json\/wp\/v2\/comments?post=14146"}],"version-history":[{"count":17,"href":"https:\/\/enkelrum.se\/no\/wp-json\/wp\/v2\/posts\/14146\/revisions"}],"predecessor-version":[{"id":14287,"href":"https:\/\/enkelrum.se\/no\/wp-json\/wp\/v2\/posts\/14146\/revisions\/14287"}],"wp:featuredmedia":[{"embeddable":true,"href":"https:\/\/enkelrum.se\/no\/wp-json\/wp\/v2\/media\/13315"}],"wp:attachment":[{"href":"https:\/\/enkelrum.se\/no\/wp-json\/wp\/v2\/media?parent=14146"}],"wp:term":[{"taxonomy":"category","embeddable":true,"href":"https:\/\/enkelrum.se\/no\/wp-json\/wp\/v2\/categories?post=14146"},{"taxonomy":"post_tag","embeddable":true,"href":"https:\/\/enkelrum.se\/no\/wp-json\/wp\/v2\/tags?post=14146"}],"curies":[{"name":"wp","href":"https:\/\/api.w.org\/{rel}","templated":true}]}}